{"id":123,"date":"2023-01-06T15:25:47","date_gmt":"2023-01-06T14:25:47","guid":{"rendered":"https:\/\/asso-afiddes.fr\/?p=123"},"modified":"2023-01-07T19:18:01","modified_gmt":"2023-01-07T18:18:01","slug":"journee-independance","status":"publish","type":"post","link":"https:\/\/asso-afiddes.fr\/index.php\/journee-independance\/","title":{"rendered":"Journ\u00e9e ind\u00e9pendance"},"content":{"rendered":"\n<p>Tous les 17 ao\u00fbt, dans son jardin, Ad\u00e9 Champain offre un moment de convivialit\u00e9 et de partage pour f\u00eater l\u2019ind\u00e9pendance de l\u2019Indon\u00e9sie.<\/p>\n\n\n\n<div class=\"wp-block-group\"><div class=\"wp-block-group__inner-container is-layout-constrained wp-block-group-is-layout-constrained\">\n<div class=\"img-container\">\n\n\n\n<figure class=\"wp-block-image size-large\"><img loading=\"lazy\" decoding=\"async\" width=\"1024\" height=\"768\" src=\"http:\/\/asso-afiddes.fr\/wp-content\/uploads\/2023\/01\/PHOTO-2022-10-06-16-33-01-3-1024x768.jpg\" alt=\"\" class=\"wp-image-124\" srcset=\"https:\/\/asso-afiddes.fr\/wp-content\/uploads\/2023\/01\/PHOTO-2022-10-06-16-33-01-3-1024x768.jpg 1024w, https:\/\/asso-afiddes.fr\/wp-content\/uploads\/2023\/01\/PHOTO-2022-10-06-16-33-01-3-300x225.jpg 300w, https:\/\/asso-afiddes.fr\/wp-content\/uploads\/2023\/01\/PHOTO-2022-10-06-16-33-01-3-768x576.jpg 768w, https:\/\/asso-afiddes.fr\/wp-content\/uploads\/2023\/01\/PHOTO-2022-10-06-16-33-01-3-1536x1152.jpg 1536w, https:\/\/asso-afiddes.fr\/wp-content\/uploads\/2023\/01\/PHOTO-2022-10-06-16-33-01-3.jpg 2048w\" sizes=\"auto, (max-width: 1024px) 100vw, 1024px\" \/><\/figure>\n\n\n\n<\/div>\n<\/div><\/div>\n","protected":false},"excerpt":{"rendered":"<p>Tous les 17 ao\u00fbt, dans son jardin, Ad\u00e9 Champain offre un moment de convivialit\u00e9 et de partage pour f\u00eater l\u2019ind\u00e9pendance de l\u2019Indon\u00e9sie.<\/p>\n","protected":false},"author":1,"featured_media":0,"comment_status":"closed","ping_status":"open","sticky":false,"template":"","format":"standard","meta":{"footnotes":""},"categories":[1],"tags":[],"class_list":["post-123","post","type-post","status-publish","format-standard","hentry","category-non-classe"],"yoast_head":"<!-- This site is optimized with the Yoast SEO plugin v26.8 - https:\/\/yoast.com\/product\/yoast-seo-wordpress\/ -->\n<title>Journ\u00e9e ind\u00e9pendance - Association Afiddes<\/title>\n<meta name=\"robots\" content=\"index, follow, max-snippet:-1, max-image-preview:large, max-video-preview:-1\" \/>\n<link rel=\"canonical\" href=\"http:\/\/asso-afiddes.fr\/index.php\/journee-independance\/\" \/>\n<meta property=\"og:locale\" content=\"fr_FR\" \/>\n<meta property=\"og:type\" content=\"article\" \/>\n<meta property=\"og:title\" content=\"Journ\u00e9e ind\u00e9pendance - Association Afiddes\" \/>\n<meta property=\"og:description\" content=\"Tous les 17 ao\u00fbt, dans son jardin, Ad\u00e9 Champain offre un moment de convivialit\u00e9 et de partage pour f\u00eater l\u2019ind\u00e9pendance de l\u2019Indon\u00e9sie.\" \/>\n<meta property=\"og:url\" content=\"http:\/\/asso-afiddes.fr\/index.php\/journee-independance\/\" \/>\n<meta property=\"og:site_name\" content=\"Association Afiddes\" \/>\n<meta property=\"article:published_time\" content=\"2023-01-06T14:25:47+00:00\" \/>\n<meta property=\"article:modified_time\" content=\"2023-01-07T18:18:01+00:00\" \/>\n<meta property=\"og:image\" content=\"http:\/\/asso-afiddes.fr\/wp-content\/uploads\/2023\/01\/PHOTO-2022-10-06-16-33-01-3-1024x768.jpg\" \/>\n<meta name=\"author\" content=\"Afiddes\" \/>\n<meta name=\"twitter:card\" content=\"summary_large_image\" \/>\n<meta name=\"twitter:label1\" content=\"\u00c9crit par\" \/>\n\t<meta name=\"twitter:data1\" content=\"Afiddes\" \/>\n<script type=\"application\/ld+json\" class=\"yoast-schema-graph\">{\"@context\":\"https:\/\/schema.org\",\"@graph\":[{\"@type\":\"Article\",\"@id\":\"http:\/\/asso-afiddes.fr\/index.php\/journee-independance\/#article\",\"isPartOf\":{\"@id\":\"http:\/\/asso-afiddes.fr\/index.php\/journee-independance\/\"},\"author\":{\"name\":\"Afiddes\",\"@id\":\"http:\/\/asso-afiddes.fr\/#\/schema\/person\/30fc994828e45d0197ede3f41463a309\"},\"headline\":\"Journ\u00e9e ind\u00e9pendance\",\"datePublished\":\"2023-01-06T14:25:47+00:00\",\"dateModified\":\"2023-01-07T18:18:01+00:00\",\"mainEntityOfPage\":{\"@id\":\"http:\/\/asso-afiddes.fr\/index.php\/journee-independance\/\"},\"wordCount\":31,\"image\":{\"@id\":\"http:\/\/asso-afiddes.fr\/index.php\/journee-independance\/#primaryimage\"},\"thumbnailUrl\":\"http:\/\/asso-afiddes.fr\/wp-content\/uploads\/2023\/01\/PHOTO-2022-10-06-16-33-01-3-1024x768.jpg\",\"inLanguage\":\"fr-FR\"},{\"@type\":\"WebPage\",\"@id\":\"http:\/\/asso-afiddes.fr\/index.php\/journee-independance\/\",\"url\":\"http:\/\/asso-afiddes.fr\/index.php\/journee-independance\/\",\"name\":\"Journ\u00e9e ind\u00e9pendance - Association Afiddes\",\"isPartOf\":{\"@id\":\"http:\/\/asso-afiddes.fr\/#website\"},\"primaryImageOfPage\":{\"@id\":\"http:\/\/asso-afiddes.fr\/index.php\/journee-independance\/#primaryimage\"},\"image\":{\"@id\":\"http:\/\/asso-afiddes.fr\/index.php\/journee-independance\/#primaryimage\"},\"thumbnailUrl\":\"http:\/\/asso-afiddes.fr\/wp-content\/uploads\/2023\/01\/PHOTO-2022-10-06-16-33-01-3-1024x768.jpg\",\"datePublished\":\"2023-01-06T14:25:47+00:00\",\"dateModified\":\"2023-01-07T18:18:01+00:00\",\"author\":{\"@id\":\"http:\/\/asso-afiddes.fr\/#\/schema\/person\/30fc994828e45d0197ede3f41463a309\"},\"breadcrumb\":{\"@id\":\"http:\/\/asso-afiddes.fr\/index.php\/journee-independance\/#breadcrumb\"},\"inLanguage\":\"fr-FR\",\"potentialAction\":[{\"@type\":\"ReadAction\",\"target\":[\"http:\/\/asso-afiddes.fr\/index.php\/journee-independance\/\"]}]},{\"@type\":\"ImageObject\",\"inLanguage\":\"fr-FR\",\"@id\":\"http:\/\/asso-afiddes.fr\/index.php\/journee-independance\/#primaryimage\",\"url\":\"https:\/\/asso-afiddes.fr\/wp-content\/uploads\/2023\/01\/PHOTO-2022-10-06-16-33-01-3.jpg\",\"contentUrl\":\"https:\/\/asso-afiddes.fr\/wp-content\/uploads\/2023\/01\/PHOTO-2022-10-06-16-33-01-3.jpg\",\"width\":2048,\"height\":1536},{\"@type\":\"BreadcrumbList\",\"@id\":\"http:\/\/asso-afiddes.fr\/index.php\/journee-independance\/#breadcrumb\",\"itemListElement\":[{\"@type\":\"ListItem\",\"position\":1,\"name\":\"Accueil\",\"item\":\"http:\/\/asso-afiddes.fr\/\"},{\"@type\":\"ListItem\",\"position\":2,\"name\":\"Journ\u00e9e ind\u00e9pendance\"}]},{\"@type\":\"WebSite\",\"@id\":\"http:\/\/asso-afiddes.fr\/#website\",\"url\":\"http:\/\/asso-afiddes.fr\/\",\"name\":\"Association Afiddes\",\"description\":\"Association Indon\u00e9sienne \u00e0 Rennes\",\"potentialAction\":[{\"@type\":\"SearchAction\",\"target\":{\"@type\":\"EntryPoint\",\"urlTemplate\":\"http:\/\/asso-afiddes.fr\/?s={search_term_string}\"},\"query-input\":{\"@type\":\"PropertyValueSpecification\",\"valueRequired\":true,\"valueName\":\"search_term_string\"}}],\"inLanguage\":\"fr-FR\"},{\"@type\":\"Person\",\"@id\":\"http:\/\/asso-afiddes.fr\/#\/schema\/person\/30fc994828e45d0197ede3f41463a309\",\"name\":\"Afiddes\",\"sameAs\":[\"https:\/\/asso-afiddes.fr\"],\"url\":\"https:\/\/asso-afiddes.fr\/index.php\/author\/afiddes\/\"}]}<\/script>\n<!-- \/ Yoast SEO plugin. -->","yoast_head_json":{"title":"Journ\u00e9e ind\u00e9pendance - Association Afiddes","robots":{"index":"index","follow":"follow","max-snippet":"max-snippet:-1","max-image-preview":"max-image-preview:large","max-video-preview":"max-video-preview:-1"},"canonical":"http:\/\/asso-afiddes.fr\/index.php\/journee-independance\/","og_locale":"fr_FR","og_type":"article","og_title":"Journ\u00e9e ind\u00e9pendance - Association Afiddes","og_description":"Tous les 17 ao\u00fbt, dans son jardin, Ad\u00e9 Champain offre un moment de convivialit\u00e9 et de partage pour f\u00eater l\u2019ind\u00e9pendance de l\u2019Indon\u00e9sie.","og_url":"http:\/\/asso-afiddes.fr\/index.php\/journee-independance\/","og_site_name":"Association Afiddes","article_published_time":"2023-01-06T14:25:47+00:00","article_modified_time":"2023-01-07T18:18:01+00:00","og_image":[{"url":"http:\/\/asso-afiddes.fr\/wp-content\/uploads\/2023\/01\/PHOTO-2022-10-06-16-33-01-3-1024x768.jpg","type":"","width":"","height":""}],"author":"Afiddes","twitter_card":"summary_large_image","twitter_misc":{"\u00c9crit par":"Afiddes"},"schema":{"@context":"https:\/\/schema.org","@graph":[{"@type":"Article","@id":"http:\/\/asso-afiddes.fr\/index.php\/journee-independance\/#article","isPartOf":{"@id":"http:\/\/asso-afiddes.fr\/index.php\/journee-independance\/"},"author":{"name":"Afiddes","@id":"http:\/\/asso-afiddes.fr\/#\/schema\/person\/30fc994828e45d0197ede3f41463a309"},"headline":"Journ\u00e9e ind\u00e9pendance","datePublished":"2023-01-06T14:25:47+00:00","dateModified":"2023-01-07T18:18:01+00:00","mainEntityOfPage":{"@id":"http:\/\/asso-afiddes.fr\/index.php\/journee-independance\/"},"wordCount":31,"image":{"@id":"http:\/\/asso-afiddes.fr\/index.php\/journee-independance\/#primaryimage"},"thumbnailUrl":"http:\/\/asso-afiddes.fr\/wp-content\/uploads\/2023\/01\/PHOTO-2022-10-06-16-33-01-3-1024x768.jpg","inLanguage":"fr-FR"},{"@type":"WebPage","@id":"http:\/\/asso-afiddes.fr\/index.php\/journee-independance\/","url":"http:\/\/asso-afiddes.fr\/index.php\/journee-independance\/","name":"Journ\u00e9e ind\u00e9pendance - Association Afiddes","isPartOf":{"@id":"http:\/\/asso-afiddes.fr\/#website"},"primaryImageOfPage":{"@id":"http:\/\/asso-afiddes.fr\/index.php\/journee-independance\/#primaryimage"},"image":{"@id":"http:\/\/asso-afiddes.fr\/index.php\/journee-independance\/#primaryimage"},"thumbnailUrl":"http:\/\/asso-afiddes.fr\/wp-content\/uploads\/2023\/01\/PHOTO-2022-10-06-16-33-01-3-1024x768.jpg","datePublished":"2023-01-06T14:25:47+00:00","dateModified":"2023-01-07T18:18:01+00:00","author":{"@id":"http:\/\/asso-afiddes.fr\/#\/schema\/person\/30fc994828e45d0197ede3f41463a309"},"breadcrumb":{"@id":"http:\/\/asso-afiddes.fr\/index.php\/journee-independance\/#breadcrumb"},"inLanguage":"fr-FR","potentialAction":[{"@type":"ReadAction","target":["http:\/\/asso-afiddes.fr\/index.php\/journee-independance\/"]}]},{"@type":"ImageObject","inLanguage":"fr-FR","@id":"http:\/\/asso-afiddes.fr\/index.php\/journee-independance\/#primaryimage","url":"https:\/\/asso-afiddes.fr\/wp-content\/uploads\/2023\/01\/PHOTO-2022-10-06-16-33-01-3.jpg","contentUrl":"https:\/\/asso-afiddes.fr\/wp-content\/uploads\/2023\/01\/PHOTO-2022-10-06-16-33-01-3.jpg","width":2048,"height":1536},{"@type":"BreadcrumbList","@id":"http:\/\/asso-afiddes.fr\/index.php\/journee-independance\/#breadcrumb","itemListElement":[{"@type":"ListItem","position":1,"name":"Accueil","item":"http:\/\/asso-afiddes.fr\/"},{"@type":"ListItem","position":2,"name":"Journ\u00e9e ind\u00e9pendance"}]},{"@type":"WebSite","@id":"http:\/\/asso-afiddes.fr\/#website","url":"http:\/\/asso-afiddes.fr\/","name":"Association Afiddes","description":"Association Indon\u00e9sienne \u00e0 Rennes","potentialAction":[{"@type":"SearchAction","target":{"@type":"EntryPoint","urlTemplate":"http:\/\/asso-afiddes.fr\/?s={search_term_string}"},"query-input":{"@type":"PropertyValueSpecification","valueRequired":true,"valueName":"search_term_string"}}],"inLanguage":"fr-FR"},{"@type":"Person","@id":"http:\/\/asso-afiddes.fr\/#\/schema\/person\/30fc994828e45d0197ede3f41463a309","name":"Afiddes","sameAs":["https:\/\/asso-afiddes.fr"],"url":"https:\/\/asso-afiddes.fr\/index.php\/author\/afiddes\/"}]}},"_links":{"self":[{"href":"https:\/\/asso-afiddes.fr\/index.php\/wp-json\/wp\/v2\/posts\/123","targetHints":{"allow":["GET"]}}],"collection":[{"href":"https:\/\/asso-afiddes.fr\/index.php\/wp-json\/wp\/v2\/posts"}],"about":[{"href":"https:\/\/asso-afiddes.fr\/index.php\/wp-json\/wp\/v2\/types\/post"}],"author":[{"embeddable":true,"href":"https:\/\/asso-afiddes.fr\/index.php\/wp-json\/wp\/v2\/users\/1"}],"replies":[{"embeddable":true,"href":"https:\/\/asso-afiddes.fr\/index.php\/wp-json\/wp\/v2\/comments?post=123"}],"version-history":[{"count":2,"href":"https:\/\/asso-afiddes.fr\/index.php\/wp-json\/wp\/v2\/posts\/123\/revisions"}],"predecessor-version":[{"id":157,"href":"https:\/\/asso-afiddes.fr\/index.php\/wp-json\/wp\/v2\/posts\/123\/revisions\/157"}],"wp:attachment":[{"href":"https:\/\/asso-afiddes.fr\/index.php\/wp-json\/wp\/v2\/media?parent=123"}],"wp:term":[{"taxonomy":"category","embeddable":true,"href":"https:\/\/asso-afiddes.fr\/index.php\/wp-json\/wp\/v2\/categories?post=123"},{"taxonomy":"post_tag","embeddable":true,"href":"https:\/\/asso-afiddes.fr\/index.php\/wp-json\/wp\/v2\/tags?post=123"}],"curies":[{"name":"wp","href":"https:\/\/api.w.org\/{rel}","templated":true}]}}