{"id":51,"date":"2022-12-26T01:21:20","date_gmt":"2022-12-26T00:21:20","guid":{"rendered":"https:\/\/asso-afiddes.fr\/?p=51"},"modified":"2022-12-26T01:23:55","modified_gmt":"2022-12-26T00:23:55","slug":"festival-culturel-toraja","status":"publish","type":"post","link":"https:\/\/asso-afiddes.fr\/index.php\/festival-culturel-toraja\/","title":{"rendered":"Festival culturel Toraja"},"content":{"rendered":"\n<div class=\"wp-block-group\"><div class=\"wp-block-group__inner-container is-layout-constrained wp-block-group-is-layout-constrained\">\n<p><strong>Les couleurs indon\u00e9siennes ont illumin\u00e9 Le Triskel :<\/strong>\u00a0<\/p>\n\n\n\n<p>Le 26 octobre 2022, apr\u00e8s deux ans d\u2019attente li\u00e9s au COVID-19, AFIDDES \u00e0 enfin pu f\u00eater ses 10 ans. C\u2019\u00e9tait l\u2019occasion de se retrouver autour d\u2019un \u00e9v\u00e8nement majeur. En effet, la pr\u00e9sidente de l\u2019association s\u2019est vu remettre le titre de grand chef toraja d\u2019Europe! La premi\u00e8re officialisation de ce genre en Europe. Au cours de cette\u00a0 journ\u00e9e, le public \u00e0 pu en d\u00e9couvrir un peu plus sur l&rsquo;Indon\u00e9sie et plus particuli\u00e8rement sur Toraja; un groupe ethnique indon\u00e9sien qui habite principalement les r\u00e9gions montagneuses du nord de la province de Sulawesi du Sud. Entre film documentaire ( <em>Quand un po\u00e8te dispara\u00eet<\/em> de Dana Rappoport ), spectacle de danses et musiques traditionnelles ainsi qu\u2019un repas indon\u00e9sien convivial, autant dire que ces retrouvailles ont fait de cette journ\u00e9e, une journ\u00e9e chaleureuse.\u00a0<\/p>\n<\/div><\/div>\n\n\n","protected":false},"excerpt":{"rendered":"<p>Les couleurs indon\u00e9siennes ont illumin\u00e9 Le Triskel :\u00a0 Le 26 octobre 2022, apr\u00e8s deux ans d\u2019attente li\u00e9s au COVID-19, AFIDDES \u00e0 enfin pu f\u00eater ses 10 ans. C\u2019\u00e9tait l\u2019occasion de se retrouver autour d\u2019un \u00e9v\u00e8nement majeur. En effet, la pr\u00e9sidente de l\u2019association s\u2019est vu remettre le titre de grand chef toraja d\u2019Europe! La premi\u00e8re officialisation [&hellip;]<\/p>\n","protected":false},"author":1,"featured_media":0,"comment_status":"closed","ping_status":"open","sticky":false,"template":"","format":"standard","meta":{"footnotes":""},"categories":[1],"tags":[],"class_list":["post-51","post","type-post","status-publish","format-standard","hentry","category-non-classe"],"yoast_head":"<!-- This site is optimized with the Yoast SEO plugin v26.8 - https:\/\/yoast.com\/product\/yoast-seo-wordpress\/ -->\n<title>Festival culturel Toraja - Association Afiddes<\/title>\n<meta name=\"robots\" content=\"index, follow, max-snippet:-1, max-image-preview:large, max-video-preview:-1\" \/>\n<link rel=\"canonical\" href=\"https:\/\/asso-afiddes.fr\/index.php\/festival-culturel-toraja\/\" \/>\n<meta property=\"og:locale\" content=\"fr_FR\" \/>\n<meta property=\"og:type\" content=\"article\" \/>\n<meta property=\"og:title\" content=\"Festival culturel Toraja - Association Afiddes\" \/>\n<meta property=\"og:description\" content=\"Les couleurs indon\u00e9siennes ont illumin\u00e9 Le Triskel :\u00a0 Le 26 octobre 2022, apr\u00e8s deux ans d\u2019attente li\u00e9s au COVID-19, AFIDDES \u00e0 enfin pu f\u00eater ses 10 ans. C\u2019\u00e9tait l\u2019occasion de se retrouver autour d\u2019un \u00e9v\u00e8nement majeur. En effet, la pr\u00e9sidente de l\u2019association s\u2019est vu remettre le titre de grand chef toraja d\u2019Europe! La premi\u00e8re officialisation [&hellip;]\" \/>\n<meta property=\"og:url\" content=\"https:\/\/asso-afiddes.fr\/index.php\/festival-culturel-toraja\/\" \/>\n<meta property=\"og:site_name\" content=\"Association Afiddes\" \/>\n<meta property=\"article:published_time\" content=\"2022-12-26T00:21:20+00:00\" \/>\n<meta property=\"article:modified_time\" content=\"2022-12-26T00:23:55+00:00\" \/>\n<meta name=\"author\" content=\"Afiddes\" \/>\n<meta name=\"twitter:card\" content=\"summary_large_image\" \/>\n<meta name=\"twitter:label1\" content=\"\u00c9crit par\" \/>\n\t<meta name=\"twitter:data1\" content=\"Afiddes\" \/>\n\t<meta name=\"twitter:label2\" content=\"Dur\u00e9e de lecture estim\u00e9e\" \/>\n\t<meta name=\"twitter:data2\" content=\"1 minute\" \/>\n<script type=\"application\/ld+json\" class=\"yoast-schema-graph\">{\"@context\":\"https:\/\/schema.org\",\"@graph\":[{\"@type\":\"Article\",\"@id\":\"https:\/\/asso-afiddes.fr\/index.php\/festival-culturel-toraja\/#article\",\"isPartOf\":{\"@id\":\"https:\/\/asso-afiddes.fr\/index.php\/festival-culturel-toraja\/\"},\"author\":{\"name\":\"Afiddes\",\"@id\":\"http:\/\/asso-afiddes.fr\/#\/schema\/person\/30fc994828e45d0197ede3f41463a309\"},\"headline\":\"Festival culturel Toraja\",\"datePublished\":\"2022-12-26T00:21:20+00:00\",\"dateModified\":\"2022-12-26T00:23:55+00:00\",\"mainEntityOfPage\":{\"@id\":\"https:\/\/asso-afiddes.fr\/index.php\/festival-culturel-toraja\/\"},\"wordCount\":158,\"inLanguage\":\"fr-FR\"},{\"@type\":\"WebPage\",\"@id\":\"https:\/\/asso-afiddes.fr\/index.php\/festival-culturel-toraja\/\",\"url\":\"https:\/\/asso-afiddes.fr\/index.php\/festival-culturel-toraja\/\",\"name\":\"Festival culturel Toraja - Association Afiddes\",\"isPartOf\":{\"@id\":\"http:\/\/asso-afiddes.fr\/#website\"},\"datePublished\":\"2022-12-26T00:21:20+00:00\",\"dateModified\":\"2022-12-26T00:23:55+00:00\",\"author\":{\"@id\":\"http:\/\/asso-afiddes.fr\/#\/schema\/person\/30fc994828e45d0197ede3f41463a309\"},\"breadcrumb\":{\"@id\":\"https:\/\/asso-afiddes.fr\/index.php\/festival-culturel-toraja\/#breadcrumb\"},\"inLanguage\":\"fr-FR\",\"potentialAction\":[{\"@type\":\"ReadAction\",\"target\":[\"https:\/\/asso-afiddes.fr\/index.php\/festival-culturel-toraja\/\"]}]},{\"@type\":\"BreadcrumbList\",\"@id\":\"https:\/\/asso-afiddes.fr\/index.php\/festival-culturel-toraja\/#breadcrumb\",\"itemListElement\":[{\"@type\":\"ListItem\",\"position\":1,\"name\":\"Accueil\",\"item\":\"http:\/\/asso-afiddes.fr\/\"},{\"@type\":\"ListItem\",\"position\":2,\"name\":\"Festival culturel Toraja\"}]},{\"@type\":\"WebSite\",\"@id\":\"http:\/\/asso-afiddes.fr\/#website\",\"url\":\"http:\/\/asso-afiddes.fr\/\",\"name\":\"Association Afiddes\",\"description\":\"Association Indon\u00e9sienne \u00e0 Rennes\",\"potentialAction\":[{\"@type\":\"SearchAction\",\"target\":{\"@type\":\"EntryPoint\",\"urlTemplate\":\"http:\/\/asso-afiddes.fr\/?s={search_term_string}\"},\"query-input\":{\"@type\":\"PropertyValueSpecification\",\"valueRequired\":true,\"valueName\":\"search_term_string\"}}],\"inLanguage\":\"fr-FR\"},{\"@type\":\"Person\",\"@id\":\"http:\/\/asso-afiddes.fr\/#\/schema\/person\/30fc994828e45d0197ede3f41463a309\",\"name\":\"Afiddes\",\"sameAs\":[\"https:\/\/asso-afiddes.fr\"],\"url\":\"https:\/\/asso-afiddes.fr\/index.php\/author\/afiddes\/\"}]}<\/script>\n<!-- \/ Yoast SEO plugin. -->","yoast_head_json":{"title":"Festival culturel Toraja - Association Afiddes","robots":{"index":"index","follow":"follow","max-snippet":"max-snippet:-1","max-image-preview":"max-image-preview:large","max-video-preview":"max-video-preview:-1"},"canonical":"https:\/\/asso-afiddes.fr\/index.php\/festival-culturel-toraja\/","og_locale":"fr_FR","og_type":"article","og_title":"Festival culturel Toraja - Association Afiddes","og_description":"Les couleurs indon\u00e9siennes ont illumin\u00e9 Le Triskel :\u00a0 Le 26 octobre 2022, apr\u00e8s deux ans d\u2019attente li\u00e9s au COVID-19, AFIDDES \u00e0 enfin pu f\u00eater ses 10 ans. C\u2019\u00e9tait l\u2019occasion de se retrouver autour d\u2019un \u00e9v\u00e8nement majeur. En effet, la pr\u00e9sidente de l\u2019association s\u2019est vu remettre le titre de grand chef toraja d\u2019Europe! La premi\u00e8re officialisation [&hellip;]","og_url":"https:\/\/asso-afiddes.fr\/index.php\/festival-culturel-toraja\/","og_site_name":"Association Afiddes","article_published_time":"2022-12-26T00:21:20+00:00","article_modified_time":"2022-12-26T00:23:55+00:00","author":"Afiddes","twitter_card":"summary_large_image","twitter_misc":{"\u00c9crit par":"Afiddes","Dur\u00e9e de lecture estim\u00e9e":"1 minute"},"schema":{"@context":"https:\/\/schema.org","@graph":[{"@type":"Article","@id":"https:\/\/asso-afiddes.fr\/index.php\/festival-culturel-toraja\/#article","isPartOf":{"@id":"https:\/\/asso-afiddes.fr\/index.php\/festival-culturel-toraja\/"},"author":{"name":"Afiddes","@id":"http:\/\/asso-afiddes.fr\/#\/schema\/person\/30fc994828e45d0197ede3f41463a309"},"headline":"Festival culturel Toraja","datePublished":"2022-12-26T00:21:20+00:00","dateModified":"2022-12-26T00:23:55+00:00","mainEntityOfPage":{"@id":"https:\/\/asso-afiddes.fr\/index.php\/festival-culturel-toraja\/"},"wordCount":158,"inLanguage":"fr-FR"},{"@type":"WebPage","@id":"https:\/\/asso-afiddes.fr\/index.php\/festival-culturel-toraja\/","url":"https:\/\/asso-afiddes.fr\/index.php\/festival-culturel-toraja\/","name":"Festival culturel Toraja - Association Afiddes","isPartOf":{"@id":"http:\/\/asso-afiddes.fr\/#website"},"datePublished":"2022-12-26T00:21:20+00:00","dateModified":"2022-12-26T00:23:55+00:00","author":{"@id":"http:\/\/asso-afiddes.fr\/#\/schema\/person\/30fc994828e45d0197ede3f41463a309"},"breadcrumb":{"@id":"https:\/\/asso-afiddes.fr\/index.php\/festival-culturel-toraja\/#breadcrumb"},"inLanguage":"fr-FR","potentialAction":[{"@type":"ReadAction","target":["https:\/\/asso-afiddes.fr\/index.php\/festival-culturel-toraja\/"]}]},{"@type":"BreadcrumbList","@id":"https:\/\/asso-afiddes.fr\/index.php\/festival-culturel-toraja\/#breadcrumb","itemListElement":[{"@type":"ListItem","position":1,"name":"Accueil","item":"http:\/\/asso-afiddes.fr\/"},{"@type":"ListItem","position":2,"name":"Festival culturel Toraja"}]},{"@type":"WebSite","@id":"http:\/\/asso-afiddes.fr\/#website","url":"http:\/\/asso-afiddes.fr\/","name":"Association Afiddes","description":"Association Indon\u00e9sienne \u00e0 Rennes","potentialAction":[{"@type":"SearchAction","target":{"@type":"EntryPoint","urlTemplate":"http:\/\/asso-afiddes.fr\/?s={search_term_string}"},"query-input":{"@type":"PropertyValueSpecification","valueRequired":true,"valueName":"search_term_string"}}],"inLanguage":"fr-FR"},{"@type":"Person","@id":"http:\/\/asso-afiddes.fr\/#\/schema\/person\/30fc994828e45d0197ede3f41463a309","name":"Afiddes","sameAs":["https:\/\/asso-afiddes.fr"],"url":"https:\/\/asso-afiddes.fr\/index.php\/author\/afiddes\/"}]}},"_links":{"self":[{"href":"https:\/\/asso-afiddes.fr\/index.php\/wp-json\/wp\/v2\/posts\/51","targetHints":{"allow":["GET"]}}],"collection":[{"href":"https:\/\/asso-afiddes.fr\/index.php\/wp-json\/wp\/v2\/posts"}],"about":[{"href":"https:\/\/asso-afiddes.fr\/index.php\/wp-json\/wp\/v2\/types\/post"}],"author":[{"embeddable":true,"href":"https:\/\/asso-afiddes.fr\/index.php\/wp-json\/wp\/v2\/users\/1"}],"replies":[{"embeddable":true,"href":"https:\/\/asso-afiddes.fr\/index.php\/wp-json\/wp\/v2\/comments?post=51"}],"version-history":[{"count":3,"href":"https:\/\/asso-afiddes.fr\/index.php\/wp-json\/wp\/v2\/posts\/51\/revisions"}],"predecessor-version":[{"id":55,"href":"https:\/\/asso-afiddes.fr\/index.php\/wp-json\/wp\/v2\/posts\/51\/revisions\/55"}],"wp:attachment":[{"href":"https:\/\/asso-afiddes.fr\/index.php\/wp-json\/wp\/v2\/media?parent=51"}],"wp:term":[{"taxonomy":"category","embeddable":true,"href":"https:\/\/asso-afiddes.fr\/index.php\/wp-json\/wp\/v2\/categories?post=51"},{"taxonomy":"post_tag","embeddable":true,"href":"https:\/\/asso-afiddes.fr\/index.php\/wp-json\/wp\/v2\/tags?post=51"}],"curies":[{"name":"wp","href":"https:\/\/api.w.org\/{rel}","templated":true}]}}